{"id":2126,"date":"2024-01-26T11:44:54","date_gmt":"2024-01-26T11:44:54","guid":{"rendered":"https:\/\/catedravinculacionydesarrollo.es\/?p=2126"},"modified":"2024-01-31T16:57:31","modified_gmt":"2024-01-31T16:57:31","slug":"junta-anual-catedra-de-poblacion-vinculacion-y-desarrollo","status":"publish","type":"post","link":"https:\/\/catedravinculacionydesarrollo.es\/index.php\/2024\/01\/26\/junta-anual-catedra-de-poblacion-vinculacion-y-desarrollo\/","title":{"rendered":"Junta Anual C\u00e1tedra de Poblaci\u00f3n Vinculaci\u00f3n y Desarrollo"},"content":{"rendered":"\t\t<div data-elementor-type=\"wp-post\" data-elementor-id=\"2126\" class=\"elementor elementor-2126\" data-elementor-post-type=\"post\">\n\t\t\t\t\t\t<section class=\"elementor-section elementor-top-section elementor-element elementor-element-4e50daf elementor-section-boxed elementor-section-height-default elementor-section-height-default\" data-id=\"4e50daf\" data-element_type=\"section\">\n\t\t\t\t\t\t<div class=\"elementor-container elementor-column-gap-default\">\n\t\t\t\t\t<div class=\"elementor-column elementor-col-100 elementor-top-column elementor-element elementor-element-14d2215\" data-id=\"14d2215\" data-element_type=\"column\">\n\t\t\t<div class=\"elementor-widget-wrap\">\n\t\t\t\t\t\t\t<\/div>\n\t\t<\/div>\n\t\t\t\t\t<\/div>\n\t\t<\/section>\n\t\t\t\t<section class=\"elementor-section elementor-top-section elementor-element elementor-element-8a89848 elementor-section-boxed elementor-section-height-default elementor-section-height-default\" data-id=\"8a89848\" data-element_type=\"section\">\n\t\t\t\t\t\t<div class=\"elementor-container elementor-column-gap-default\">\n\t\t\t\t\t<div class=\"elementor-column elementor-col-100 elementor-top-column elementor-element elementor-element-7e9f7eb\" data-id=\"7e9f7eb\" data-element_type=\"column\">\n\t\t\t<div class=\"elementor-widget-wrap elementor-element-populated\">\n\t\t\t\t\t\t<div class=\"elementor-element elementor-element-afb4d01 elementor-widget elementor-widget-spacer\" data-id=\"afb4d01\" data-element_type=\"widget\" data-widget_type=\"spacer.default\">\n\t\t\t\t<div class=\"elementor-widget-container\">\n\t\t\t<style>\/*! elementor - v3.22.0 - 17-06-2024 *\/\n.elementor-column .elementor-spacer-inner{height:var(--spacer-size)}.e-con{--container-widget-width:100%}.e-con-inner>.elementor-widget-spacer,.e-con>.elementor-widget-spacer{width:var(--container-widget-width,var(--spacer-size));--align-self:var(--container-widget-align-self,initial);--flex-shrink:0}.e-con-inner>.elementor-widget-spacer>.elementor-widget-container,.e-con>.elementor-widget-spacer>.elementor-widget-container{height:100%;width:100%}.e-con-inner>.elementor-widget-spacer>.elementor-widget-container>.elementor-spacer,.e-con>.elementor-widget-spacer>.elementor-widget-container>.elementor-spacer{height:100%}.e-con-inner>.elementor-widget-spacer>.elementor-widget-container>.elementor-spacer>.elementor-spacer-inner,.e-con>.elementor-widget-spacer>.elementor-widget-container>.elementor-spacer>.elementor-spacer-inner{height:var(--container-widget-height,var(--spacer-size))}.e-con-inner>.elementor-widget-spacer.elementor-widget-empty,.e-con>.elementor-widget-spacer.elementor-widget-empty{position:relative;min-height:22px;min-width:22px}.e-con-inner>.elementor-widget-spacer.elementor-widget-empty .elementor-widget-empty-icon,.e-con>.elementor-widget-spacer.elementor-widget-empty .elementor-widget-empty-icon{position:absolute;top:0;bottom:0;left:0;right:0;margin:auto;padding:0;width:22px;height:22px}<\/style>\t\t<div class=\"elementor-spacer\">\n\t\t\t<div class=\"elementor-spacer-inner\"><\/div>\n\t\t<\/div>\n\t\t\t\t<\/div>\n\t\t\t\t<\/div>\n\t\t\t\t<div class=\"elementor-element elementor-element-ab31113 elementor-widget elementor-widget-spacer\" data-id=\"ab31113\" data-element_type=\"widget\" data-widget_type=\"spacer.default\">\n\t\t\t\t<div class=\"elementor-widget-container\">\n\t\t\t\t\t<div class=\"elementor-spacer\">\n\t\t\t<div class=\"elementor-spacer-inner\"><\/div>\n\t\t<\/div>\n\t\t\t\t<\/div>\n\t\t\t\t<\/div>\n\t\t\t\t\t<\/div>\n\t\t<\/div>\n\t\t\t\t\t<\/div>\n\t\t<\/section>\n\t\t\t\t<section class=\"elementor-section elementor-top-section elementor-element elementor-element-14e190d elementor-section-boxed elementor-section-height-default elementor-section-height-default\" data-id=\"14e190d\" data-element_type=\"section\">\n\t\t\t\t\t\t<div class=\"elementor-container elementor-column-gap-default\">\n\t\t\t\t\t<div class=\"elementor-column elementor-col-100 elementor-top-column elementor-element elementor-element-0415705\" data-id=\"0415705\" data-element_type=\"column\">\n\t\t\t<div class=\"elementor-widget-wrap elementor-element-populated\">\n\t\t\t\t\t\t<div class=\"elementor-element elementor-element-c7868c8 elementor-widget elementor-widget-heading\" data-id=\"c7868c8\" data-element_type=\"widget\" data-widget_type=\"heading.default\">\n\t\t\t\t<div class=\"elementor-widget-container\">\n\t\t\t<style>\/*! elementor - v3.22.0 - 17-06-2024 *\/\n.elementor-heading-title{padding:0;margin:0;line-height:1}.elementor-widget-heading .elementor-heading-title[class*=elementor-size-]>a{color:inherit;font-size:inherit;line-height:inherit}.elementor-widget-heading .elementor-heading-title.elementor-size-small{font-size:15px}.elementor-widget-heading .elementor-heading-title.elementor-size-medium{font-size:19px}.elementor-widget-heading .elementor-heading-title.elementor-size-large{font-size:29px}.elementor-widget-heading .elementor-heading-title.elementor-size-xl{font-size:39px}.elementor-widget-heading .elementor-heading-title.elementor-size-xxl{font-size:59px}<\/style><h2 class=\"elementor-heading-title elementor-size-default\">Junta Anual C\u00e1tedra de Poblaci\u00f3n Vinculaci\u00f3n y Desarrollo<\/h2>\t\t<\/div>\n\t\t\t\t<\/div>\n\t\t\t\t\t<\/div>\n\t\t<\/div>\n\t\t\t\t\t<\/div>\n\t\t<\/section>\n\t\t\t\t<section class=\"elementor-section elementor-top-section elementor-element elementor-element-488e481 elementor-section-boxed elementor-section-height-default elementor-section-height-default\" data-id=\"488e481\" data-element_type=\"section\">\n\t\t\t\t\t\t<div class=\"elementor-container elementor-column-gap-default\">\n\t\t\t\t\t<div class=\"elementor-column elementor-col-100 elementor-top-column elementor-element elementor-element-ac83104\" data-id=\"ac83104\" data-element_type=\"column\">\n\t\t\t<div class=\"elementor-widget-wrap\">\n\t\t\t\t\t\t\t<\/div>\n\t\t<\/div>\n\t\t\t\t\t<\/div>\n\t\t<\/section>\n\t\t\t\t<section class=\"elementor-section elementor-top-section elementor-element elementor-element-e402a93 elementor-section-boxed elementor-section-height-default elementor-section-height-default\" data-id=\"e402a93\" data-element_type=\"section\">\n\t\t\t\t\t\t<div class=\"elementor-container elementor-column-gap-default\">\n\t\t\t\t\t<div class=\"elementor-column elementor-col-100 elementor-top-column elementor-element elementor-element-a6942cb\" data-id=\"a6942cb\" data-element_type=\"column\">\n\t\t\t<div class=\"elementor-widget-wrap elementor-element-populated\">\n\t\t\t\t\t\t<div class=\"elementor-element elementor-element-e711931 elementor-widget elementor-widget-text-editor\" data-id=\"e711931\" data-element_type=\"widget\" data-widget_type=\"text-editor.default\">\n\t\t\t\t<div class=\"elementor-widget-container\">\n\t\t\t<style>\/*! elementor - v3.22.0 - 17-06-2024 *\/\n.elementor-widget-text-editor.elementor-drop-cap-view-stacked .elementor-drop-cap{background-color:#69727d;color:#fff}.elementor-widget-text-editor.elementor-drop-cap-view-framed .elementor-drop-cap{color:#69727d;border:3px solid;background-color:transparent}.elementor-widget-text-editor:not(.elementor-drop-cap-view-default) .elementor-drop-cap{margin-top:8px}.elementor-widget-text-editor:not(.elementor-drop-cap-view-default) .elementor-drop-cap-letter{width:1em;height:1em}.elementor-widget-text-editor .elementor-drop-cap{float:left;text-align:center;line-height:1;font-size:50px}.elementor-widget-text-editor .elementor-drop-cap-letter{display:inline-block}<\/style>\t\t\t\t<p>Esta ma\u00f1ana se han reunido en el Centro de la UNED de Zamora los miembros de la C\u00e1tedra de Poblaci\u00f3n Vinculaci\u00f3n y Desarrollo para celebrar la Junta Anual a la que han asistido representantes de todas las entidades colaboradoras en este proyecto y miembros del equipo directivo del Centro UNED de Zamora.<\/p><p>\u00a0<\/p><p>La reuni\u00f3n dio comienzo con la intervenci\u00f3n del Director de la C\u00e1tedra, Juan Andr\u00e9s Blanco Rodr\u00edguez que present\u00f3 el informe de actividades llevadas a cabo en 2023, para dar paso a la explicaci\u00f3n de la parte econ\u00f3mica de dicho periodo. Tras presentar el presupuesto para el a\u00f1o 2024 se dio cuenta de las actividades programadas para el primer semestre entre las que destacan:<\/p><p>\u00a0<\/p><ul><li>El proyecto del Archivo-Museo de la emigraci\u00f3n de Castilla y Le\u00f3n, que estar\u00e1 ubicado en Zamora, y para lo que se est\u00e1 tratando ya con la Diputaci\u00f3n Provincial y la Junta.<\/li><\/ul><p>\u00a0<\/p><ul><li>El Curso \u201cLas energ\u00edas en la econom\u00eda zamorana\u201d con la participaci\u00f3n destacada de varias instituciones y empresas zamoranas.<\/li><\/ul><p>\u00a0<\/p><ul><li>Estudio sobre \u201cRecursos y aprovechamientos forestales en la provincia de Zamora\u201d.<\/li><\/ul><p>\u00a0<\/p><ul><li>En abril tendr\u00e1 lugar la XIX del curso de Arte en Zamora que llevar\u00e1 por t\u00edtulo \u201cArte rom\u00e1nico en tierras zamoranas: mirando hacia Europa\u201d relacionado con el desarrollo del turismo cultural.<\/li><\/ul><p>\u00a0<\/p><ul><li>El curso \u201cEl camino moz\u00e1rabe en las rutas jacobeas\u201d en abril y en colaboraci\u00f3n con el Centro de la UNED en Ourense, para el que se contar\u00e1 con la participaci\u00f3n de los ayuntamientos de Benavente, Puebla de Sanabria y Rionegro del Puente.<\/li><\/ul><p>\u00a0<\/p><ul><li>Encuentro, en mayo, de titulares de explotaciones ganaderas de nuestra provincia que llevar\u00e1 por t\u00edtulo \u201cQu\u00e9 se precisa para garantizar la renovaci\u00f3n y permanencia del sector ganadero en Zamora\u201d.<\/li><\/ul><p>\u00a0<\/p><ul><li>Dentro del programa \u201c40 a\u00f1os de Autonom\u00eda de Castilla y Le\u00f3n\u201d, curso que se desarrollar\u00e1 tambi\u00e9n en mayo se presentar\u00e1n sendos estudios que analicen la evoluci\u00f3n de la identidad regional y la evoluci\u00f3n demogr\u00e1fica y econ\u00f3mica respectivamente.<\/li><\/ul><p>\u00a0<\/p><ul><li>La continuaci\u00f3n del proyecto del Ministerio de Industria Comercio y Turismo \u201cLos espacios transfronterizos en lucha por sobrevivir: turismo sostenible, poblaci\u00f3n y geotecnolog\u00edas\u201d.<\/li><\/ul>\t\t\t\t\t\t<\/div>\n\t\t\t\t<\/div>\n\t\t\t\t\t<\/div>\n\t\t<\/div>\n\t\t\t\t\t<\/div>\n\t\t<\/section>\n\t\t\t\t<section class=\"elementor-section elementor-top-section elementor-element elementor-element-6fa4248 elementor-section-boxed elementor-section-height-default elementor-section-height-default\" data-id=\"6fa4248\" data-element_type=\"section\">\n\t\t\t\t\t\t<div class=\"elementor-container elementor-column-gap-default\">\n\t\t\t\t\t<div class=\"elementor-column elementor-col-100 elementor-top-column elementor-element elementor-element-395c2b6\" data-id=\"395c2b6\" data-element_type=\"column\">\n\t\t\t<div class=\"elementor-widget-wrap elementor-element-populated\">\n\t\t\t\t\t\t<div class=\"elementor-element elementor-element-fb3fab3 elementor-widget elementor-widget-image\" data-id=\"fb3fab3\" data-element_type=\"widget\" data-widget_type=\"image.default\">\n\t\t\t\t<div class=\"elementor-widget-container\">\n\t\t\t<style>\/*! elementor - v3.22.0 - 17-06-2024 *\/\n.elementor-widget-image{text-align:center}.elementor-widget-image a{display:inline-block}.elementor-widget-image a img[src$=\".svg\"]{width:48px}.elementor-widget-image img{vertical-align:middle;display:inline-block}<\/style>\t\t\t\t\t\t\t\t\t\t<img fetchpriority=\"high\" decoding=\"async\" width=\"768\" height=\"432\" src=\"https:\/\/catedravinculacionydesarrollo.es\/wp-content\/uploads\/2024\/01\/IMG20240126120219-1-768x432.jpg\" class=\"attachment-medium_large size-medium_large wp-image-2128\" alt=\"\" srcset=\"https:\/\/catedravinculacionydesarrollo.es\/wp-content\/uploads\/2024\/01\/IMG20240126120219-1-768x432.jpg 768w, https:\/\/catedravinculacionydesarrollo.es\/wp-content\/uploads\/2024\/01\/IMG20240126120219-1-300x169.jpg 300w, https:\/\/catedravinculacionydesarrollo.es\/wp-content\/uploads\/2024\/01\/IMG20240126120219-1-1024x576.jpg 1024w, https:\/\/catedravinculacionydesarrollo.es\/wp-content\/uploads\/2024\/01\/IMG20240126120219-1-1536x864.jpg 1536w, https:\/\/catedravinculacionydesarrollo.es\/wp-content\/uploads\/2024\/01\/IMG20240126120219-1-2048x1152.jpg 2048w\" sizes=\"(max-width: 768px) 100vw, 768px\" \/>\t\t\t\t\t\t\t\t\t\t\t\t\t<\/div>\n\t\t\t\t<\/div>\n\t\t\t\t<div class=\"elementor-element elementor-element-0d626c8 elementor-widget elementor-widget-spacer\" data-id=\"0d626c8\" data-element_type=\"widget\" data-widget_type=\"spacer.default\">\n\t\t\t\t<div class=\"elementor-widget-container\">\n\t\t\t\t\t<div class=\"elementor-spacer\">\n\t\t\t<div class=\"elementor-spacer-inner\"><\/div>\n\t\t<\/div>\n\t\t\t\t<\/div>\n\t\t\t\t<\/div>\n\t\t\t\t\t<\/div>\n\t\t<\/div>\n\t\t\t\t\t<\/div>\n\t\t<\/section>\n\t\t\t\t<\/div>\n\t\t","protected":false},"excerpt":{"rendered":"<p>Junta Anual C\u00e1tedra de Poblaci\u00f3n Vinculaci\u00f3n y Desarrollo Esta ma\u00f1ana se han reunido en el Centro de la UNED de Zamora los miembros de la C\u00e1tedra de Poblaci\u00f3n Vinculaci\u00f3n y Desarrollo para celebrar la Junta Anual a la que han asistido representantes de todas las entidades colaboradoras en este proyecto y miembros del equipo directivo [&hellip;]<\/p>\n","protected":false},"author":4,"featured_media":2128,"comment_status":"closed","ping_status":"closed","sticky":false,"template":"","format":"standard","meta":{"footnotes":""},"categories":[10],"tags":[],"_links":{"self":[{"href":"https:\/\/catedravinculacionydesarrollo.es\/index.php\/wp-json\/wp\/v2\/posts\/2126"}],"collection":[{"href":"https:\/\/catedravinculacionydesarrollo.es\/index.php\/wp-json\/wp\/v2\/posts"}],"about":[{"href":"https:\/\/catedravinculacionydesarrollo.es\/index.php\/wp-json\/wp\/v2\/types\/post"}],"author":[{"embeddable":true,"href":"https:\/\/catedravinculacionydesarrollo.es\/index.php\/wp-json\/wp\/v2\/users\/4"}],"replies":[{"embeddable":true,"href":"https:\/\/catedravinculacionydesarrollo.es\/index.php\/wp-json\/wp\/v2\/comments?post=2126"}],"version-history":[{"count":7,"href":"https:\/\/catedravinculacionydesarrollo.es\/index.php\/wp-json\/wp\/v2\/posts\/2126\/revisions"}],"predecessor-version":[{"id":2135,"href":"https:\/\/catedravinculacionydesarrollo.es\/index.php\/wp-json\/wp\/v2\/posts\/2126\/revisions\/2135"}],"wp:featuredmedia":[{"embeddable":true,"href":"https:\/\/catedravinculacionydesarrollo.es\/index.php\/wp-json\/wp\/v2\/media\/2128"}],"wp:attachment":[{"href":"https:\/\/catedravinculacionydesarrollo.es\/index.php\/wp-json\/wp\/v2\/media?parent=2126"}],"wp:term":[{"taxonomy":"category","embeddable":true,"href":"https:\/\/catedravinculacionydesarrollo.es\/index.php\/wp-json\/wp\/v2\/categories?post=2126"},{"taxonomy":"post_tag","embeddable":true,"href":"https:\/\/catedravinculacionydesarrollo.es\/index.php\/wp-json\/wp\/v2\/tags?post=2126"}],"curies":[{"name":"wp","href":"https:\/\/api.w.org\/{rel}","templated":true}]}}