{"id":2002,"date":"2023-10-30T10:20:20","date_gmt":"2023-10-30T10:20:20","guid":{"rendered":"https:\/\/catedravinculacionydesarrollo.es\/?p=2002"},"modified":"2023-11-06T10:28:40","modified_gmt":"2023-11-06T10:28:40","slug":"publicados-los-libros-i-premio-memoria-de-la-emigracion-espanola","status":"publish","type":"post","link":"https:\/\/catedravinculacionydesarrollo.es\/index.php\/2023\/10\/30\/publicados-los-libros-i-premio-memoria-de-la-emigracion-espanola\/","title":{"rendered":"Publicados los libros I Premio Memoria de la Emigraci\u00f3n Espa\u00f1ola"},"content":{"rendered":"\t\t<div data-elementor-type=\"wp-post\" data-elementor-id=\"2002\" class=\"elementor elementor-2002\" data-elementor-post-type=\"post\">\n\t\t\t\t\t\t<section class=\"elementor-section elementor-top-section elementor-element elementor-element-d34a70c elementor-section-boxed elementor-section-height-default elementor-section-height-default\" data-id=\"d34a70c\" data-element_type=\"section\">\n\t\t\t\t\t\t<div class=\"elementor-container elementor-column-gap-default\">\n\t\t\t\t\t<div class=\"elementor-column elementor-col-100 elementor-top-column elementor-element elementor-element-5e9d07c\" data-id=\"5e9d07c\" data-element_type=\"column\">\n\t\t\t<div class=\"elementor-widget-wrap elementor-element-populated\">\n\t\t\t\t\t\t<div class=\"elementor-element elementor-element-2ce2a30 elementor-widget elementor-widget-spacer\" data-id=\"2ce2a30\" data-element_type=\"widget\" data-widget_type=\"spacer.default\">\n\t\t\t\t<div class=\"elementor-widget-container\">\n\t\t\t<style>\/*! elementor - v3.22.0 - 17-06-2024 *\/\n.elementor-column .elementor-spacer-inner{height:var(--spacer-size)}.e-con{--container-widget-width:100%}.e-con-inner>.elementor-widget-spacer,.e-con>.elementor-widget-spacer{width:var(--container-widget-width,var(--spacer-size));--align-self:var(--container-widget-align-self,initial);--flex-shrink:0}.e-con-inner>.elementor-widget-spacer>.elementor-widget-container,.e-con>.elementor-widget-spacer>.elementor-widget-container{height:100%;width:100%}.e-con-inner>.elementor-widget-spacer>.elementor-widget-container>.elementor-spacer,.e-con>.elementor-widget-spacer>.elementor-widget-container>.elementor-spacer{height:100%}.e-con-inner>.elementor-widget-spacer>.elementor-widget-container>.elementor-spacer>.elementor-spacer-inner,.e-con>.elementor-widget-spacer>.elementor-widget-container>.elementor-spacer>.elementor-spacer-inner{height:var(--container-widget-height,var(--spacer-size))}.e-con-inner>.elementor-widget-spacer.elementor-widget-empty,.e-con>.elementor-widget-spacer.elementor-widget-empty{position:relative;min-height:22px;min-width:22px}.e-con-inner>.elementor-widget-spacer.elementor-widget-empty .elementor-widget-empty-icon,.e-con>.elementor-widget-spacer.elementor-widget-empty .elementor-widget-empty-icon{position:absolute;top:0;bottom:0;left:0;right:0;margin:auto;padding:0;width:22px;height:22px}<\/style>\t\t<div class=\"elementor-spacer\">\n\t\t\t<div class=\"elementor-spacer-inner\"><\/div>\n\t\t<\/div>\n\t\t\t\t<\/div>\n\t\t\t\t<\/div>\n\t\t\t\t\t<\/div>\n\t\t<\/div>\n\t\t\t\t\t<\/div>\n\t\t<\/section>\n\t\t\t\t<section class=\"elementor-section elementor-top-section elementor-element elementor-element-8bc4d30 elementor-section-boxed elementor-section-height-default elementor-section-height-default\" data-id=\"8bc4d30\" data-element_type=\"section\">\n\t\t\t\t\t\t<div class=\"elementor-container elementor-column-gap-default\">\n\t\t\t\t\t<div class=\"elementor-column elementor-col-100 elementor-top-column elementor-element elementor-element-772aec9\" data-id=\"772aec9\" data-element_type=\"column\">\n\t\t\t<div class=\"elementor-widget-wrap elementor-element-populated\">\n\t\t\t\t\t\t<div class=\"elementor-element elementor-element-783fb90 elementor-widget elementor-widget-spacer\" data-id=\"783fb90\" data-element_type=\"widget\" data-widget_type=\"spacer.default\">\n\t\t\t\t<div class=\"elementor-widget-container\">\n\t\t\t\t\t<div class=\"elementor-spacer\">\n\t\t\t<div class=\"elementor-spacer-inner\"><\/div>\n\t\t<\/div>\n\t\t\t\t<\/div>\n\t\t\t\t<\/div>\n\t\t\t\t\t<\/div>\n\t\t<\/div>\n\t\t\t\t\t<\/div>\n\t\t<\/section>\n\t\t\t\t<section class=\"elementor-section elementor-top-section elementor-element elementor-element-d5a8b84 elementor-section-boxed elementor-section-height-default elementor-section-height-default\" data-id=\"d5a8b84\" data-element_type=\"section\">\n\t\t\t\t\t\t<div class=\"elementor-container elementor-column-gap-default\">\n\t\t\t\t\t<div class=\"elementor-column elementor-col-100 elementor-top-column elementor-element elementor-element-3f30fd2\" data-id=\"3f30fd2\" data-element_type=\"column\">\n\t\t\t<div class=\"elementor-widget-wrap elementor-element-populated\">\n\t\t\t\t\t\t<div class=\"elementor-element elementor-element-f23af99 elementor-widget elementor-widget-heading\" data-id=\"f23af99\" data-element_type=\"widget\" data-widget_type=\"heading.default\">\n\t\t\t\t<div class=\"elementor-widget-container\">\n\t\t\t<style>\/*! elementor - v3.22.0 - 17-06-2024 *\/\n.elementor-heading-title{padding:0;margin:0;line-height:1}.elementor-widget-heading .elementor-heading-title[class*=elementor-size-]>a{color:inherit;font-size:inherit;line-height:inherit}.elementor-widget-heading .elementor-heading-title.elementor-size-small{font-size:15px}.elementor-widget-heading .elementor-heading-title.elementor-size-medium{font-size:19px}.elementor-widget-heading .elementor-heading-title.elementor-size-large{font-size:29px}.elementor-widget-heading .elementor-heading-title.elementor-size-xl{font-size:39px}.elementor-widget-heading .elementor-heading-title.elementor-size-xxl{font-size:59px}<\/style><h2 class=\"elementor-heading-title elementor-size-default\">Publicados los libros I Premio Memoria de la Emigraci\u00f3n Espa\u00f1ola<\/h2>\t\t<\/div>\n\t\t\t\t<\/div>\n\t\t\t\t\t<\/div>\n\t\t<\/div>\n\t\t\t\t\t<\/div>\n\t\t<\/section>\n\t\t\t\t<section class=\"elementor-section elementor-top-section elementor-element elementor-element-b1d5df7 elementor-section-boxed elementor-section-height-default elementor-section-height-default\" data-id=\"b1d5df7\" data-element_type=\"section\">\n\t\t\t\t\t\t<div class=\"elementor-container elementor-column-gap-default\">\n\t\t\t\t\t<div class=\"elementor-column elementor-col-100 elementor-top-column elementor-element elementor-element-7342673\" data-id=\"7342673\" data-element_type=\"column\">\n\t\t\t<div class=\"elementor-widget-wrap elementor-element-populated\">\n\t\t\t\t\t\t<div class=\"elementor-element elementor-element-9de8180 elementor-widget elementor-widget-text-editor\" data-id=\"9de8180\" data-element_type=\"widget\" data-widget_type=\"text-editor.default\">\n\t\t\t\t<div class=\"elementor-widget-container\">\n\t\t\t<style>\/*! elementor - v3.22.0 - 17-06-2024 *\/\n.elementor-widget-text-editor.elementor-drop-cap-view-stacked .elementor-drop-cap{background-color:#69727d;color:#fff}.elementor-widget-text-editor.elementor-drop-cap-view-framed .elementor-drop-cap{color:#69727d;border:3px solid;background-color:transparent}.elementor-widget-text-editor:not(.elementor-drop-cap-view-default) .elementor-drop-cap{margin-top:8px}.elementor-widget-text-editor:not(.elementor-drop-cap-view-default) .elementor-drop-cap-letter{width:1em;height:1em}.elementor-widget-text-editor .elementor-drop-cap{float:left;text-align:center;line-height:1;font-size:50px}.elementor-widget-text-editor .elementor-drop-cap-letter{display:inline-block}<\/style>\t\t\t\t<p>Se han publicado los libros del I Premio Memoria de la Emigraci\u00f3n Espa\u00f1ola en la p\u00e1gina de\u00a0<a href=\"http:\/\/emigracioncastellanayleonesa.es\/\">emigracioncastellanayleonesa.es<\/a>.\u00a0Se puede descargar gratuitamente desde el apartado de publicaciones,\u00a0 donde adem\u00e1s de estas, pueden acceder al resto de obras editadas por el centro.\u00a0<\/p>\t\t\t\t\t\t<\/div>\n\t\t\t\t<\/div>\n\t\t\t\t\t<\/div>\n\t\t<\/div>\n\t\t\t\t\t<\/div>\n\t\t<\/section>\n\t\t\t\t<section class=\"elementor-section elementor-top-section elementor-element elementor-element-b2fc878 elementor-section-boxed elementor-section-height-default elementor-section-height-default\" data-id=\"b2fc878\" data-element_type=\"section\">\n\t\t\t\t\t\t<div class=\"elementor-container elementor-column-gap-default\">\n\t\t\t\t\t<div class=\"elementor-column elementor-col-50 elementor-top-column elementor-element elementor-element-0a52464\" data-id=\"0a52464\" data-element_type=\"column\">\n\t\t\t<div class=\"elementor-widget-wrap elementor-element-populated\">\n\t\t\t\t\t\t<div class=\"elementor-element elementor-element-6849bb5 elementor-widget elementor-widget-image\" data-id=\"6849bb5\" data-element_type=\"widget\" data-widget_type=\"image.default\">\n\t\t\t\t<div class=\"elementor-widget-container\">\n\t\t\t<style>\/*! elementor - v3.22.0 - 17-06-2024 *\/\n.elementor-widget-image{text-align:center}.elementor-widget-image a{display:inline-block}.elementor-widget-image a img[src$=\".svg\"]{width:48px}.elementor-widget-image img{vertical-align:middle;display:inline-block}<\/style>\t\t\t\t\t\t\t\t\t\t<img fetchpriority=\"high\" decoding=\"async\" width=\"214\" height=\"300\" src=\"https:\/\/catedravinculacionydesarrollo.es\/wp-content\/uploads\/2023\/11\/2023-I-Premio-Memoria-de-la-Emigracion-Espanola-completo-214x300.png\" class=\"attachment-medium size-medium wp-image-2004\" alt=\"\" srcset=\"https:\/\/catedravinculacionydesarrollo.es\/wp-content\/uploads\/2023\/11\/2023-I-Premio-Memoria-de-la-Emigracion-Espanola-completo-214x300.png 214w, https:\/\/catedravinculacionydesarrollo.es\/wp-content\/uploads\/2023\/11\/2023-I-Premio-Memoria-de-la-Emigracion-Espanola-completo.png 524w\" sizes=\"(max-width: 214px) 100vw, 214px\" \/>\t\t\t\t\t\t\t\t\t\t\t\t\t<\/div>\n\t\t\t\t<\/div>\n\t\t\t\t\t<\/div>\n\t\t<\/div>\n\t\t\t\t<div class=\"elementor-column elementor-col-50 elementor-top-column elementor-element elementor-element-6df8a5d\" data-id=\"6df8a5d\" data-element_type=\"column\">\n\t\t\t<div class=\"elementor-widget-wrap elementor-element-populated\">\n\t\t\t\t\t\t<div class=\"elementor-element elementor-element-25d4540 elementor-widget elementor-widget-image\" data-id=\"25d4540\" data-element_type=\"widget\" data-widget_type=\"image.default\">\n\t\t\t\t<div class=\"elementor-widget-container\">\n\t\t\t\t\t\t\t\t\t\t\t\t\t<img decoding=\"async\" width=\"212\" height=\"300\" src=\"https:\/\/catedravinculacionydesarrollo.es\/wp-content\/uploads\/2023\/11\/2023-I-Premio-version-digital-premiados-212x300.png\" class=\"attachment-medium size-medium wp-image-2005\" alt=\"\" srcset=\"https:\/\/catedravinculacionydesarrollo.es\/wp-content\/uploads\/2023\/11\/2023-I-Premio-version-digital-premiados-212x300.png 212w, https:\/\/catedravinculacionydesarrollo.es\/wp-content\/uploads\/2023\/11\/2023-I-Premio-version-digital-premiados.png 519w\" sizes=\"(max-width: 212px) 100vw, 212px\" \/>\t\t\t\t\t\t\t\t\t\t\t\t\t<\/div>\n\t\t\t\t<\/div>\n\t\t\t\t\t<\/div>\n\t\t<\/div>\n\t\t\t\t\t<\/div>\n\t\t<\/section>\n\t\t\t\t<section class=\"elementor-section elementor-top-section elementor-element elementor-element-e71c7e3 elementor-section-boxed elementor-section-height-default elementor-section-height-default\" data-id=\"e71c7e3\" data-element_type=\"section\">\n\t\t\t\t\t\t<div class=\"elementor-container elementor-column-gap-default\">\n\t\t\t\t\t<div class=\"elementor-column elementor-col-100 elementor-top-column elementor-element elementor-element-dfc9d6f\" data-id=\"dfc9d6f\" data-element_type=\"column\">\n\t\t\t<div class=\"elementor-widget-wrap elementor-element-populated\">\n\t\t\t\t\t\t<div class=\"elementor-element elementor-element-d43a8ea elementor-widget elementor-widget-spacer\" data-id=\"d43a8ea\" data-element_type=\"widget\" data-widget_type=\"spacer.default\">\n\t\t\t\t<div class=\"elementor-widget-container\">\n\t\t\t\t\t<div class=\"elementor-spacer\">\n\t\t\t<div class=\"elementor-spacer-inner\"><\/div>\n\t\t<\/div>\n\t\t\t\t<\/div>\n\t\t\t\t<\/div>\n\t\t\t\t\t<\/div>\n\t\t<\/div>\n\t\t\t\t\t<\/div>\n\t\t<\/section>\n\t\t\t\t<\/div>\n\t\t","protected":false},"excerpt":{"rendered":"<p>Publicados los libros I Premio Memoria de la Emigraci\u00f3n Espa\u00f1ola Se han publicado los libros del I Premio Memoria de la Emigraci\u00f3n Espa\u00f1ola en la p\u00e1gina de\u00a0emigracioncastellanayleonesa.es.\u00a0Se puede descargar gratuitamente desde el apartado de publicaciones,\u00a0 donde adem\u00e1s de estas, pueden acceder al resto de obras editadas por el centro.\u00a0<\/p>\n","protected":false},"author":4,"featured_media":2004,"comment_status":"closed","ping_status":"closed","sticky":false,"template":"","format":"standard","meta":{"footnotes":""},"categories":[1],"tags":[],"_links":{"self":[{"href":"https:\/\/catedravinculacionydesarrollo.es\/index.php\/wp-json\/wp\/v2\/posts\/2002"}],"collection":[{"href":"https:\/\/catedravinculacionydesarrollo.es\/index.php\/wp-json\/wp\/v2\/posts"}],"about":[{"href":"https:\/\/catedravinculacionydesarrollo.es\/index.php\/wp-json\/wp\/v2\/types\/post"}],"author":[{"embeddable":true,"href":"https:\/\/catedravinculacionydesarrollo.es\/index.php\/wp-json\/wp\/v2\/users\/4"}],"replies":[{"embeddable":true,"href":"https:\/\/catedravinculacionydesarrollo.es\/index.php\/wp-json\/wp\/v2\/comments?post=2002"}],"version-history":[{"count":11,"href":"https:\/\/catedravinculacionydesarrollo.es\/index.php\/wp-json\/wp\/v2\/posts\/2002\/revisions"}],"predecessor-version":[{"id":2015,"href":"https:\/\/catedravinculacionydesarrollo.es\/index.php\/wp-json\/wp\/v2\/posts\/2002\/revisions\/2015"}],"wp:featuredmedia":[{"embeddable":true,"href":"https:\/\/catedravinculacionydesarrollo.es\/index.php\/wp-json\/wp\/v2\/media\/2004"}],"wp:attachment":[{"href":"https:\/\/catedravinculacionydesarrollo.es\/index.php\/wp-json\/wp\/v2\/media?parent=2002"}],"wp:term":[{"taxonomy":"category","embeddable":true,"href":"https:\/\/catedravinculacionydesarrollo.es\/index.php\/wp-json\/wp\/v2\/categories?post=2002"},{"taxonomy":"post_tag","embeddable":true,"href":"https:\/\/catedravinculacionydesarrollo.es\/index.php\/wp-json\/wp\/v2\/tags?post=2002"}],"curies":[{"name":"wp","href":"https:\/\/api.w.org\/{rel}","templated":true}]}}