{"id":1697,"date":"2023-08-30T10:59:12","date_gmt":"2023-08-30T10:59:12","guid":{"rendered":"https:\/\/catedravinculacionydesarrollo.es\/?p=1697"},"modified":"2023-08-30T11:24:08","modified_gmt":"2023-08-30T11:24:08","slug":"i-premio-memoria-escolar-rural","status":"publish","type":"post","link":"https:\/\/catedravinculacionydesarrollo.es\/index.php\/2023\/08\/30\/i-premio-memoria-escolar-rural\/","title":{"rendered":"I PREMIO MEMORIA ESCOLAR RURAL"},"content":{"rendered":"\t\t<div data-elementor-type=\"wp-post\" data-elementor-id=\"1697\" class=\"elementor elementor-1697\" data-elementor-post-type=\"post\">\n\t\t\t\t\t\t<section class=\"elementor-section elementor-top-section elementor-element elementor-element-ff66e90 elementor-section-boxed elementor-section-height-default elementor-section-height-default\" data-id=\"ff66e90\" data-element_type=\"section\">\n\t\t\t\t\t\t<div class=\"elementor-container elementor-column-gap-default\">\n\t\t\t\t\t<div class=\"elementor-column elementor-col-100 elementor-top-column elementor-element elementor-element-debeda9\" data-id=\"debeda9\" data-element_type=\"column\">\n\t\t\t<div class=\"elementor-widget-wrap elementor-element-populated\">\n\t\t\t\t\t\t<div class=\"elementor-element elementor-element-4f66945 elementor-widget elementor-widget-spacer\" data-id=\"4f66945\" data-element_type=\"widget\" data-widget_type=\"spacer.default\">\n\t\t\t\t<div class=\"elementor-widget-container\">\n\t\t\t<style>\/*! elementor - v3.22.0 - 17-06-2024 *\/\n.elementor-column .elementor-spacer-inner{height:var(--spacer-size)}.e-con{--container-widget-width:100%}.e-con-inner>.elementor-widget-spacer,.e-con>.elementor-widget-spacer{width:var(--container-widget-width,var(--spacer-size));--align-self:var(--container-widget-align-self,initial);--flex-shrink:0}.e-con-inner>.elementor-widget-spacer>.elementor-widget-container,.e-con>.elementor-widget-spacer>.elementor-widget-container{height:100%;width:100%}.e-con-inner>.elementor-widget-spacer>.elementor-widget-container>.elementor-spacer,.e-con>.elementor-widget-spacer>.elementor-widget-container>.elementor-spacer{height:100%}.e-con-inner>.elementor-widget-spacer>.elementor-widget-container>.elementor-spacer>.elementor-spacer-inner,.e-con>.elementor-widget-spacer>.elementor-widget-container>.elementor-spacer>.elementor-spacer-inner{height:var(--container-widget-height,var(--spacer-size))}.e-con-inner>.elementor-widget-spacer.elementor-widget-empty,.e-con>.elementor-widget-spacer.elementor-widget-empty{position:relative;min-height:22px;min-width:22px}.e-con-inner>.elementor-widget-spacer.elementor-widget-empty .elementor-widget-empty-icon,.e-con>.elementor-widget-spacer.elementor-widget-empty .elementor-widget-empty-icon{position:absolute;top:0;bottom:0;left:0;right:0;margin:auto;padding:0;width:22px;height:22px}<\/style>\t\t<div class=\"elementor-spacer\">\n\t\t\t<div class=\"elementor-spacer-inner\"><\/div>\n\t\t<\/div>\n\t\t\t\t<\/div>\n\t\t\t\t<\/div>\n\t\t\t\t\t<\/div>\n\t\t<\/div>\n\t\t\t\t\t<\/div>\n\t\t<\/section>\n\t\t\t\t<section class=\"elementor-section elementor-top-section elementor-element elementor-element-f11257d elementor-section-boxed elementor-section-height-default elementor-section-height-default\" data-id=\"f11257d\" data-element_type=\"section\">\n\t\t\t\t\t\t<div class=\"elementor-container elementor-column-gap-default\">\n\t\t\t\t\t<div class=\"elementor-column elementor-col-100 elementor-top-column elementor-element elementor-element-6b6f6bf\" data-id=\"6b6f6bf\" data-element_type=\"column\">\n\t\t\t<div class=\"elementor-widget-wrap elementor-element-populated\">\n\t\t\t\t\t\t<div class=\"elementor-element elementor-element-bec298c elementor-widget elementor-widget-heading\" data-id=\"bec298c\" data-element_type=\"widget\" data-widget_type=\"heading.default\">\n\t\t\t\t<div class=\"elementor-widget-container\">\n\t\t\t<style>\/*! elementor - v3.22.0 - 17-06-2024 *\/\n.elementor-heading-title{padding:0;margin:0;line-height:1}.elementor-widget-heading .elementor-heading-title[class*=elementor-size-]>a{color:inherit;font-size:inherit;line-height:inherit}.elementor-widget-heading .elementor-heading-title.elementor-size-small{font-size:15px}.elementor-widget-heading .elementor-heading-title.elementor-size-medium{font-size:19px}.elementor-widget-heading .elementor-heading-title.elementor-size-large{font-size:29px}.elementor-widget-heading .elementor-heading-title.elementor-size-xl{font-size:39px}.elementor-widget-heading .elementor-heading-title.elementor-size-xxl{font-size:59px}<\/style><h2 class=\"elementor-heading-title elementor-size-default\"><h2 data-elementor-setting-key=\"title\" data-pen-placeholder=\"Teclea aqu\u00ed...\" style=\"font-family: var( --e-global-typography-primary-font-family ), Sans-serif; font-weight: var( --e-global-typography-primary-font-weight ); color: rgb(92, 159, 56);\">I PREMIO MEMORIA ESCOLAR RURAL<\/h2><\/h2>\t\t<\/div>\n\t\t\t\t<\/div>\n\t\t\t\t<div class=\"elementor-element elementor-element-dfe68c8 elementor-widget elementor-widget-text-editor\" data-id=\"dfe68c8\" data-element_type=\"widget\" data-widget_type=\"text-editor.default\">\n\t\t\t\t<div class=\"elementor-widget-container\">\n\t\t\t<style>\/*! elementor - v3.22.0 - 17-06-2024 *\/\n.elementor-widget-text-editor.elementor-drop-cap-view-stacked .elementor-drop-cap{background-color:#69727d;color:#fff}.elementor-widget-text-editor.elementor-drop-cap-view-framed .elementor-drop-cap{color:#69727d;border:3px solid;background-color:transparent}.elementor-widget-text-editor:not(.elementor-drop-cap-view-default) .elementor-drop-cap{margin-top:8px}.elementor-widget-text-editor:not(.elementor-drop-cap-view-default) .elementor-drop-cap-letter{width:1em;height:1em}.elementor-widget-text-editor .elementor-drop-cap{float:left;text-align:center;line-height:1;font-size:50px}.elementor-widget-text-editor .elementor-drop-cap-letter{display:inline-block}<\/style>\t\t\t\t<p>Organiza<br>Ayuntamiento de Fonfr\u00eda<\/p>\n<p>Patrocinan<br>Diputaci\u00f3n Provincial de Zamora y Fundaci\u00f3n Fomento Hispania<\/p>\n<p>Coordinan<br>GIR Cultura Acad\u00e9mica, Patrimonio y Memoria Social (CaUSAL, Universidad de Salamanca), C\u00e1tedra Poblaci\u00f3n, Vinculaci\u00f3n y Desarrollo (UNED Zamora) y Red de Archivos e Investigadores de la Escritura Popular<\/p>\n<p>Colaboran<br>Museo Etnogr\u00e1fico de Castilla y Le\u00f3n, IES Aliste,&nbsp; C\u00edrculo Literario Margarita Ferreras, Plataforma en Defensa de la C\u00edrculo Lite Arquitectura Tradicional de Aliste, Asociaci\u00f3n Cultural Pe\u00f1a Los Virlos de&nbsp; Ceadea, Federaci\u00f3n de Asociaciones Culturales de Aliste, T\u00e1bara y Alba&nbsp; (FACATA), Grupo de Excelencia de Investigaci\u00f3n Procesos, espacios y&nbsp; pr\u00e1cticas educativas (GIPEP) y Observatorio Social de la Facultad de&nbsp; Ciencias Sociales de la Universidad de Salamanca<\/p>\n<p>El Ayuntamiento de Fonfr\u00eda, gracias a la coordinaci\u00f3n t\u00e9cnica que le prestan el&nbsp;<em>Grupo de Investigaci\u00f3n Reconocido Cultura Acad\u00e9mica, Patrimonio y Memoria Social&nbsp;<\/em>(CaUSAL) de la Universidad de Salamanca y la&nbsp;<em>C\u00e1tedra Poblaci\u00f3n, Vincula\u00adci\u00f3n y Desarrollo&nbsp;<\/em>(UNED Zamora), as\u00ed como la colaboraci\u00f3n desinteresada de distintas asociaciones culturales de la comarca de Aliste (Zamora), convoca el&nbsp;<em>I Premio Memoria Escolar Rural<\/em>. Este proyecto se materializa gracias al patrocinio de la Diputaci\u00f3n Provincial de Zamora y de la Fundaci\u00f3n Fomento Hispania, con el objeto de recuperar, visibilizar y poner en valor los testimonios de quienes han sido escolares o docentes en el mundo rural espa\u00f1ol.<\/p>\n<p>Este premio pretende estimular que esas personas expresen por escrito sus vi\u00advencias educativas y contribuyan con su participaci\u00f3n a conservar un conjunto de testimonios personales sobre la escuela rural espa\u00f1ola, una realidad que, a lo largo del pasado siglo y hasta el presente, ha cambiado significativamente en t\u00e9r\u00adminos culturales y materiales. Estos testimonios narrativos, documentales y fotogr\u00e1ficos constituir\u00e1n una colecci\u00f3n patrimonial importante en la investigaci\u00f3n de la historia de la educaci\u00f3n en Espa\u00f1a y servir\u00e1n para destacar la importancia de los valores espec\u00edficos de la escue\u00adla rural y su funci\u00f3n en el conjunto del sistema educativo espa\u00f1ol.<\/p><p><span style=\"color: var( --e-global-color-text ); font-family: var( --e-global-typography-text-font-family ), Sans-serif; font-weight: var( --e-global-typography-text-font-weight ); font-size: 1rem;\">+ info: <\/span><a href=\"https:\/\/causal.usal.es\/i-premio-memoria-escolar-rural\/\" style=\"font-family: var( --e-global-typography-text-font-family ), Sans-serif; font-weight: var( --e-global-typography-text-font-weight ); background-color: rgb(255, 255, 255); font-size: 1rem;\">https:\/\/causal.usal.es\/i-premio-memoria-escolar-rural\/<\/a><\/p>\t\t\t\t\t\t<\/div>\n\t\t\t\t<\/div>\n\t\t\t\t\t<\/div>\n\t\t<\/div>\n\t\t\t\t\t<\/div>\n\t\t<\/section>\n\t\t\t\t<section class=\"elementor-section elementor-top-section elementor-element elementor-element-8b6acaa elementor-section-boxed elementor-section-height-default elementor-section-height-default\" data-id=\"8b6acaa\" data-element_type=\"section\">\n\t\t\t\t\t\t<div class=\"elementor-container elementor-column-gap-default\">\n\t\t\t\t\t<div class=\"elementor-column elementor-col-100 elementor-top-column elementor-element elementor-element-b326975\" data-id=\"b326975\" data-element_type=\"column\">\n\t\t\t<div class=\"elementor-widget-wrap\">\n\t\t\t\t\t\t\t<\/div>\n\t\t<\/div>\n\t\t\t\t\t<\/div>\n\t\t<\/section>\n\t\t\t\t<section class=\"elementor-section elementor-top-section elementor-element elementor-element-6c3ef67 elementor-section-boxed elementor-section-height-default elementor-section-height-default\" data-id=\"6c3ef67\" data-element_type=\"section\">\n\t\t\t\t\t\t<div class=\"elementor-container elementor-column-gap-default\">\n\t\t\t\t\t<div class=\"elementor-column elementor-col-100 elementor-top-column elementor-element elementor-element-cdcfeee\" data-id=\"cdcfeee\" data-element_type=\"column\">\n\t\t\t<div class=\"elementor-widget-wrap elementor-element-populated\">\n\t\t\t\t\t\t<div class=\"elementor-element elementor-element-1f27127 elementor-widget elementor-widget-image\" data-id=\"1f27127\" data-element_type=\"widget\" data-widget_type=\"image.default\">\n\t\t\t\t<div class=\"elementor-widget-container\">\n\t\t\t<style>\/*! elementor - v3.22.0 - 17-06-2024 *\/\n.elementor-widget-image{text-align:center}.elementor-widget-image a{display:inline-block}.elementor-widget-image a img[src$=\".svg\"]{width:48px}.elementor-widget-image img{vertical-align:middle;display:inline-block}<\/style>\t\t\t\t\t\t\t\t\t\t<img fetchpriority=\"high\" decoding=\"async\" width=\"800\" height=\"566\" src=\"https:\/\/catedravinculacionydesarrollo.es\/wp-content\/uploads\/2023\/08\/Diptico-I-Premio-Memoria-Escolar-Rural-comprimido_1_page-0001-1024x724.jpg\" class=\"attachment-large size-large wp-image-1706\" alt=\"\" srcset=\"https:\/\/catedravinculacionydesarrollo.es\/wp-content\/uploads\/2023\/08\/Diptico-I-Premio-Memoria-Escolar-Rural-comprimido_1_page-0001-1024x724.jpg 1024w, https:\/\/catedravinculacionydesarrollo.es\/wp-content\/uploads\/2023\/08\/Diptico-I-Premio-Memoria-Escolar-Rural-comprimido_1_page-0001-300x212.jpg 300w, https:\/\/catedravinculacionydesarrollo.es\/wp-content\/uploads\/2023\/08\/Diptico-I-Premio-Memoria-Escolar-Rural-comprimido_1_page-0001-768x543.jpg 768w, https:\/\/catedravinculacionydesarrollo.es\/wp-content\/uploads\/2023\/08\/Diptico-I-Premio-Memoria-Escolar-Rural-comprimido_1_page-0001-1536x1086.jpg 1536w, https:\/\/catedravinculacionydesarrollo.es\/wp-content\/uploads\/2023\/08\/Diptico-I-Premio-Memoria-Escolar-Rural-comprimido_1_page-0001-2048x1447.jpg 2048w\" sizes=\"(max-width: 800px) 100vw, 800px\" \/>\t\t\t\t\t\t\t\t\t\t\t\t\t<\/div>\n\t\t\t\t<\/div>\n\t\t\t\t<div class=\"elementor-element elementor-element-0a9f681 elementor-widget elementor-widget-image\" data-id=\"0a9f681\" data-element_type=\"widget\" data-widget_type=\"image.default\">\n\t\t\t\t<div class=\"elementor-widget-container\">\n\t\t\t\t\t\t\t\t\t\t\t\t\t<img decoding=\"async\" width=\"800\" height=\"566\" src=\"https:\/\/catedravinculacionydesarrollo.es\/wp-content\/uploads\/2023\/08\/Diptico-I-Premio-Memoria-Escolar-Rural-comprimido_1_page-0002-1024x724.jpg\" class=\"attachment-large size-large wp-image-1707\" alt=\"\" srcset=\"https:\/\/catedravinculacionydesarrollo.es\/wp-content\/uploads\/2023\/08\/Diptico-I-Premio-Memoria-Escolar-Rural-comprimido_1_page-0002-1024x724.jpg 1024w, https:\/\/catedravinculacionydesarrollo.es\/wp-content\/uploads\/2023\/08\/Diptico-I-Premio-Memoria-Escolar-Rural-comprimido_1_page-0002-300x212.jpg 300w, https:\/\/catedravinculacionydesarrollo.es\/wp-content\/uploads\/2023\/08\/Diptico-I-Premio-Memoria-Escolar-Rural-comprimido_1_page-0002-768x543.jpg 768w, https:\/\/catedravinculacionydesarrollo.es\/wp-content\/uploads\/2023\/08\/Diptico-I-Premio-Memoria-Escolar-Rural-comprimido_1_page-0002-1536x1086.jpg 1536w, https:\/\/catedravinculacionydesarrollo.es\/wp-content\/uploads\/2023\/08\/Diptico-I-Premio-Memoria-Escolar-Rural-comprimido_1_page-0002-2048x1447.jpg 2048w\" sizes=\"(max-width: 800px) 100vw, 800px\" \/>\t\t\t\t\t\t\t\t\t\t\t\t\t<\/div>\n\t\t\t\t<\/div>\n\t\t\t\t<div class=\"elementor-element elementor-element-23cd4dd elementor-widget elementor-widget-spacer\" data-id=\"23cd4dd\" data-element_type=\"widget\" data-widget_type=\"spacer.default\">\n\t\t\t\t<div class=\"elementor-widget-container\">\n\t\t\t\t\t<div class=\"elementor-spacer\">\n\t\t\t<div class=\"elementor-spacer-inner\"><\/div>\n\t\t<\/div>\n\t\t\t\t<\/div>\n\t\t\t\t<\/div>\n\t\t\t\t\t<\/div>\n\t\t<\/div>\n\t\t\t\t\t<\/div>\n\t\t<\/section>\n\t\t\t\t<section class=\"elementor-section elementor-top-section elementor-element elementor-element-c51ebdd elementor-section-boxed elementor-section-height-default elementor-section-height-default\" data-id=\"c51ebdd\" data-element_type=\"section\">\n\t\t\t\t\t\t<div class=\"elementor-container elementor-column-gap-default\">\n\t\t\t\t\t<div class=\"elementor-column elementor-col-100 elementor-top-column elementor-element elementor-element-866ecbd\" data-id=\"866ecbd\" data-element_type=\"column\">\n\t\t\t<div class=\"elementor-widget-wrap\">\n\t\t\t\t\t\t\t<\/div>\n\t\t<\/div>\n\t\t\t\t\t<\/div>\n\t\t<\/section>\n\t\t\t\t<\/div>\n\t\t","protected":false},"excerpt":{"rendered":"<p>I PREMIO MEMORIA ESCOLAR RURAL OrganizaAyuntamiento de Fonfr\u00eda PatrocinanDiputaci\u00f3n Provincial de Zamora y Fundaci\u00f3n Fomento Hispania CoordinanGIR Cultura Acad\u00e9mica, Patrimonio y Memoria Social (CaUSAL, Universidad de Salamanca), C\u00e1tedra Poblaci\u00f3n, Vinculaci\u00f3n y Desarrollo (UNED Zamora) y Red de Archivos e Investigadores de la Escritura Popular ColaboranMuseo Etnogr\u00e1fico de Castilla y Le\u00f3n, IES Aliste,&nbsp; C\u00edrculo Literario Margarita [&hellip;]<\/p>\n","protected":false},"author":2,"featured_media":1711,"comment_status":"closed","ping_status":"open","sticky":false,"template":"","format":"standard","meta":{"footnotes":""},"categories":[10],"tags":[],"_links":{"self":[{"href":"https:\/\/catedravinculacionydesarrollo.es\/index.php\/wp-json\/wp\/v2\/posts\/1697"}],"collection":[{"href":"https:\/\/catedravinculacionydesarrollo.es\/index.php\/wp-json\/wp\/v2\/posts"}],"about":[{"href":"https:\/\/catedravinculacionydesarrollo.es\/index.php\/wp-json\/wp\/v2\/types\/post"}],"author":[{"embeddable":true,"href":"https:\/\/catedravinculacionydesarrollo.es\/index.php\/wp-json\/wp\/v2\/users\/2"}],"replies":[{"embeddable":true,"href":"https:\/\/catedravinculacionydesarrollo.es\/index.php\/wp-json\/wp\/v2\/comments?post=1697"}],"version-history":[{"count":33,"href":"https:\/\/catedravinculacionydesarrollo.es\/index.php\/wp-json\/wp\/v2\/posts\/1697\/revisions"}],"predecessor-version":[{"id":1733,"href":"https:\/\/catedravinculacionydesarrollo.es\/index.php\/wp-json\/wp\/v2\/posts\/1697\/revisions\/1733"}],"wp:featuredmedia":[{"embeddable":true,"href":"https:\/\/catedravinculacionydesarrollo.es\/index.php\/wp-json\/wp\/v2\/media\/1711"}],"wp:attachment":[{"href":"https:\/\/catedravinculacionydesarrollo.es\/index.php\/wp-json\/wp\/v2\/media?parent=1697"}],"wp:term":[{"taxonomy":"category","embeddable":true,"href":"https:\/\/catedravinculacionydesarrollo.es\/index.php\/wp-json\/wp\/v2\/categories?post=1697"},{"taxonomy":"post_tag","embeddable":true,"href":"https:\/\/catedravinculacionydesarrollo.es\/index.php\/wp-json\/wp\/v2\/tags?post=1697"}],"curies":[{"name":"wp","href":"https:\/\/api.w.org\/{rel}","templated":true}]}}